{"id":1829,"date":"2026-08-06T00:26:42","date_gmt":"2026-08-06T03:26:42","guid":{"rendered":"https:\/\/balcaonews.com.br\/publicidadelegal\/?p=1829"},"modified":"2026-08-06T00:26:42","modified_gmt":"2026-08-06T03:26:42","slug":"editais-06-08-2026","status":"publish","type":"post","link":"https:\/\/balcaonews.com.br\/publicidadelegal\/2026\/08\/06\/editais-06-08-2026\/","title":{"rendered":"Editais 06\/08\/2026"},"content":{"rendered":"<p>Clique Aqui:<\/p>\n<p><a href=\"https:\/\/balcaonews.com.br\/publicidadelegal\/wp-content\/uploads\/2026\/08\/Jornal-Balcao-News-06-08-2026-Pag-08-Manifesto.pdf\">Jornal Balc\u00e3o News 06-08-2026 Pag 08-Manifesto<\/a><\/p>\n<ul>\n<li>AVISO DE LICITA\u00c7\u00c3O UNIVERSIDADE FEDERAL DE VI\u00c7OSA PREG\u00c3O ELETR\u00d4NICO 184\/2026 &#8211; UASG 154051 &#8211; Processo: 23114.911494\/2026-15.<\/li>\n<\/ul>\n<p>&nbsp;<\/p>\n<p>&nbsp;<\/p>\n","protected":false},"excerpt":{"rendered":"<p>Clique Aqui: Jornal Balc\u00e3o News 06-08-2026 Pag 08-Manifesto AVISO DE LICITA\u00c7\u00c3O UNIVERSIDADE FEDERAL DE VI\u00c7OSA PREG\u00c3O ELETR\u00d4NICO 184\/2026 &#8211; UASG 154051 &#8211; Processo: 23114.911494\/2026-15. &nbsp; &nbsp;<\/p>\n","protected":false},"author":2,"featured_media":0,"comment_status":"closed","ping_status":"closed","sticky":false,"template":"","format":"standard","meta":{"_joinchat":[],"footnotes":""},"categories":[3],"tags":[17],"class_list":["post-1829","post","type-post","status-publish","format-standard","hentry","category-editais","tag-universidade-federal-de-vicosa"],"_links":{"self":[{"href":"https:\/\/balcaonews.com.br\/publicidadelegal\/wp-json\/wp\/v2\/posts\/1829","targetHints":{"allow":["GET"]}}],"collection":[{"href":"https:\/\/balcaonews.com.br\/publicidadelegal\/wp-json\/wp\/v2\/posts"}],"about":[{"href":"https:\/\/balcaonews.com.br\/publicidadelegal\/wp-json\/wp\/v2\/types\/post"}],"author":[{"embeddable":true,"href":"https:\/\/balcaonews.com.br\/publicidadelegal\/wp-json\/wp\/v2\/users\/2"}],"replies":[{"embeddable":true,"href":"https:\/\/balcaonews.com.br\/publicidadelegal\/wp-json\/wp\/v2\/comments?post=1829"}],"version-history":[{"count":1,"href":"https:\/\/balcaonews.com.br\/publicidadelegal\/wp-json\/wp\/v2\/posts\/1829\/revisions"}],"predecessor-version":[{"id":1831,"href":"https:\/\/balcaonews.com.br\/publicidadelegal\/wp-json\/wp\/v2\/posts\/1829\/revisions\/1831"}],"wp:attachment":[{"href":"https:\/\/balcaonews.com.br\/publicidadelegal\/wp-json\/wp\/v2\/media?parent=1829"}],"wp:term":[{"taxonomy":"category","embeddable":true,"href":"https:\/\/balcaonews.com.br\/publicidadelegal\/wp-json\/wp\/v2\/categories?post=1829"},{"taxonomy":"post_tag","embeddable":true,"href":"https:\/\/balcaonews.com.br\/publicidadelegal\/wp-json\/wp\/v2\/tags?post=1829"}],"curies":[{"name":"wp","href":"https:\/\/api.w.org\/{rel}","templated":true}]}}