{"id":1856,"date":"2026-08-20T06:27:06","date_gmt":"2026-08-20T09:27:06","guid":{"rendered":"https:\/\/balcaonews.com.br\/publicidadelegal\/?p=1856"},"modified":"2026-08-20T06:27:06","modified_gmt":"2026-08-20T09:27:06","slug":"editais-20-08-2026","status":"publish","type":"post","link":"https:\/\/balcaonews.com.br\/publicidadelegal\/2026\/08\/20\/editais-20-08-2026\/","title":{"rendered":"Editais 20\/08\/2026"},"content":{"rendered":"<ul>\n<li>Prefeitura Municipal de Baldim\/MG Aviso de Licita\u00e7\u00e3o Concorr\u00eancia Eletr\u00f4nica n\u00b0 006\/2026.<\/li>\n<li>Prefeitura Municipal de Baldim\/MG Aviso de Licita\u00e7\u00e3o Concorr\u00eancia Eletr\u00f4nica n\u00b0 007\/2026.<\/li>\n<li>Prefeitura Municipal de Baldim\/MG Aviso de Licita\u00e7\u00e3o Concorr\u00eancia Eletr\u00f4nica n\u00b0 008\/2026.<\/li>\n<\/ul>\n<p><strong>Clique aqui:<\/strong><\/p>\n<p><a href=\"https:\/\/balcaonews.com.br\/publicidadelegal\/wp-content\/uploads\/2026\/08\/Jornal-Balcao-News-Ltda-20-08-2026-Pag-06-Manifesto.pdf\">Jornal Balc\u00e3o News Ltda 20-08-2026 Pag 06-Manifesto<\/a><\/p>\n","protected":false},"excerpt":{"rendered":"<p>Prefeitura Municipal de Baldim\/MG Aviso de Licita\u00e7\u00e3o Concorr\u00eancia Eletr\u00f4nica n\u00b0 006\/2026. Prefeitura Municipal de Baldim\/MG Aviso de Licita\u00e7\u00e3o Concorr\u00eancia Eletr\u00f4nica n\u00b0 007\/2026. Prefeitura Municipal de Baldim\/MG Aviso de Licita\u00e7\u00e3o Concorr\u00eancia Eletr\u00f4nica n\u00b0 008\/2026. Clique aqui: Jornal Balc\u00e3o News Ltda 20-08-2026 Pag 06-Manifesto<\/p>\n","protected":false},"author":2,"featured_media":0,"comment_status":"closed","ping_status":"closed","sticky":false,"template":"","format":"standard","meta":{"_joinchat":[],"footnotes":""},"categories":[3],"tags":[],"class_list":["post-1856","post","type-post","status-publish","format-standard","hentry","category-editais"],"_links":{"self":[{"href":"https:\/\/balcaonews.com.br\/publicidadelegal\/wp-json\/wp\/v2\/posts\/1856","targetHints":{"allow":["GET"]}}],"collection":[{"href":"https:\/\/balcaonews.com.br\/publicidadelegal\/wp-json\/wp\/v2\/posts"}],"about":[{"href":"https:\/\/balcaonews.com.br\/publicidadelegal\/wp-json\/wp\/v2\/types\/post"}],"author":[{"embeddable":true,"href":"https:\/\/balcaonews.com.br\/publicidadelegal\/wp-json\/wp\/v2\/users\/2"}],"replies":[{"embeddable":true,"href":"https:\/\/balcaonews.com.br\/publicidadelegal\/wp-json\/wp\/v2\/comments?post=1856"}],"version-history":[{"count":1,"href":"https:\/\/balcaonews.com.br\/publicidadelegal\/wp-json\/wp\/v2\/posts\/1856\/revisions"}],"predecessor-version":[{"id":1858,"href":"https:\/\/balcaonews.com.br\/publicidadelegal\/wp-json\/wp\/v2\/posts\/1856\/revisions\/1858"}],"wp:attachment":[{"href":"https:\/\/balcaonews.com.br\/publicidadelegal\/wp-json\/wp\/v2\/media?parent=1856"}],"wp:term":[{"taxonomy":"category","embeddable":true,"href":"https:\/\/balcaonews.com.br\/publicidadelegal\/wp-json\/wp\/v2\/categories?post=1856"},{"taxonomy":"post_tag","embeddable":true,"href":"https:\/\/balcaonews.com.br\/publicidadelegal\/wp-json\/wp\/v2\/tags?post=1856"}],"curies":[{"name":"wp","href":"https:\/\/api.w.org\/{rel}","templated":true}]}}